{"id":5891,"date":"2021-12-21T13:58:15","date_gmt":"2021-12-21T13:58:15","guid":{"rendered":"https:\/\/www.anahatayogaconsciente.com\/?p=5891"},"modified":"2021-12-21T14:40:44","modified_gmt":"2021-12-21T14:40:44","slug":"yoga-y-sonidos-conscientes-especial-cierre-del-ano","status":"publish","type":"post","link":"https:\/\/www.anahatayogaconsciente.com\/index.php\/2021\/12\/21\/yoga-y-sonidos-conscientes-especial-cierre-del-ano\/","title":{"rendered":"Yoga y Sonidos Conscientes especial cierre del a\u00f1o"},"content":{"rendered":"<div class=\"fusion-fullwidth fullwidth-box fusion-builder-row-1 fusion-flex-container nonhundred-percent-fullwidth non-hundred-percent-height-scrolling\" style=\"--awb-border-radius-top-left:0px;--awb-border-radius-top-right:0px;--awb-border-radius-bottom-right:0px;--awb-border-radius-bottom-left:0px;--awb-flex-wrap:wrap;\" ><div class=\"fusion-builder-row fusion-row fusion-flex-align-items-flex-start fusion-flex-content-wrap\" style=\"max-width:1040px;margin-left: calc(-4% \/ 2 );margin-right: calc(-4% \/ 2 );\"><div class=\"fusion-layout-column fusion_builder_column fusion-builder-column-0 fusion_builder_column_1_1 1_1 fusion-flex-column\" style=\"--awb-bg-size:cover;--awb-width-large:100%;--awb-margin-top-large:0px;--awb-spacing-right-large:1.92%;--awb-margin-bottom-large:0px;--awb-spacing-left-large:1.92%;--awb-width-medium:100%;--awb-spacing-right-medium:1.92%;--awb-spacing-left-medium:1.92%;--awb-width-small:100%;--awb-spacing-right-small:1.92%;--awb-spacing-left-small:1.92%;\"><div class=\"fusion-column-wrapper fusion-flex-justify-content-flex-start fusion-content-layout-column\"><div class=\"fusion-text fusion-text-1\" style=\"--awb-text-transform:none;\"><div class=\"\">\n<table id=\"bodyTable\" border=\"0\" width=\"100%\" cellspacing=\"0\" cellpadding=\"0\" align=\"center\">\n<tbody class=\"\">\n<tr class=\"\">\n<td id=\"bodyCell\" class=\"\" align=\"center\" valign=\"top\">\n<table class=\"templateContainer\" border=\"0\" width=\"100%\" cellspacing=\"0\" cellpadding=\"0\">\n<tbody class=\"\">\n<tr class=\"\">\n<td id=\"templateHeader\" class=\"\" valign=\"top\">\n<table class=\"mcnTextBlock\" border=\"0\" width=\"100%\" cellspacing=\"0\" cellpadding=\"0\">\n<tbody class=\"mcnTextBlockOuter\">\n<tr class=\"\">\n<td class=\"mcnTextBlockInner\" valign=\"top\">\n<table class=\"mcnTextContentContainer\" border=\"0\" width=\"100%\" cellspacing=\"0\" cellpadding=\"0\" align=\"left\">\n<tbody class=\"\">\n<tr class=\"\">\n<td class=\"mcnTextContent\" valign=\"top\">\n<div class=\"\"><span class=\"\" style=\"font-family: Helvetica;\">El domingo 26 de diciembre te proponemos\u00a0una\u00a0sesi\u00f3n <strong class=\"\">muy especial\u00a0<\/strong>de\u00a0yoga, mantras y sonidos conscientes.<br class=\"\" \/><br class=\"\" \/>Con los sonidos\u00a0llevamos la vibraci\u00f3n al cuerpo y junto a las <em class=\"\">asanas<\/em> y <em class=\"\">mudras<\/em>, hacemos que se potencien\u00a0los beneficios entre s\u00ed con el con el objetivo de transformar la materia,\u00a0creando vibraciones que nos nutren de\u00a0energ\u00eda. Una manera diferente de hacer yoga, con plena consciencia en la respiraci\u00f3n desplegando as\u00ed\u00a0toda la LUZ que somos.<br class=\"\" \/><br class=\"\" \/>Finalizaremos\u00a0la sesi\u00f3n con un<strong class=\"\"> cierre de a\u00f1o muy particular:<\/strong> con\u00a0mantras, y realizando un corte energ\u00e9tico para dejar atr\u00e1s algunos aspectos de nuestra historia personal.<br class=\"\" \/><br class=\"\" \/>Las plazas son limitadas y es <u class=\"\">necesario inscripci\u00f3n previa.<\/u><br class=\"\" \/><br class=\"\" \/>Lugar:<strong class=\"\"> Centro Puro Yoga<\/strong>, Gran Capit\u00e1n, 11, 2\u00aa planta &#8211; C\u00f3rdoba<br class=\"\" \/>De 10:00 a 12:30\u00a0<br class=\"\" \/>Precio: 20 euros<\/span><\/div>\n<\/td>\n<\/tr>\n<\/tbody>\n<\/table>\n<\/td>\n<\/tr>\n<\/tbody>\n<\/table>\n<\/td>\n<\/tr>\n<\/tbody>\n<\/table>\n<\/td>\n<\/tr>\n<\/tbody>\n<\/table>\n<\/div>\n<\/div><\/div><\/div><\/div><\/div>\n","protected":false},"excerpt":{"rendered":"","protected":false},"author":5,"featured_media":5892,"comment_status":"open","ping_status":"open","sticky":false,"template":"","format":"standard","meta":{"footnotes":""},"categories":[33],"tags":[59,58,57,50],"class_list":["post-5891","post","type-post","status-publish","format-standard","has-post-thumbnail","hentry","category-eventos","tag-corte-energetico","tag-mantras","tag-sonidos-conscientes","tag-yoga"],"yoast_head":"<!-- This site is optimized with the Yoast SEO plugin v27.5 - https:\/\/yoast.com\/product\/yoast-seo-wordpress\/ -->\n<title>Yoga y Sonidos Conscientes especial cierre del a\u00f1o - Anahata Yoga Consciente<\/title>\n<meta name=\"robots\" content=\"index, follow, max-snippet:-1, max-image-preview:large, max-video-preview:-1\" \/>\n<link rel=\"canonical\" href=\"https:\/\/www.anahatayogaconsciente.com\/index.php\/2021\/12\/21\/yoga-y-sonidos-conscientes-especial-cierre-del-ano\/\" \/>\n<meta property=\"og:locale\" content=\"es_ES\" \/>\n<meta property=\"og:type\" content=\"article\" \/>\n<meta property=\"og:title\" content=\"Yoga y Sonidos Conscientes especial cierre del a\u00f1o - Anahata Yoga Consciente\" \/>\n<meta property=\"og:url\" content=\"https:\/\/www.anahatayogaconsciente.com\/index.php\/2021\/12\/21\/yoga-y-sonidos-conscientes-especial-cierre-del-ano\/\" \/>\n<meta property=\"og:site_name\" content=\"Anahata Yoga Consciente\" \/>\n<meta property=\"article:publisher\" content=\"https:\/\/www.facebook.com\/anahatayogaconsciente\/\" \/>\n<meta property=\"article:published_time\" content=\"2021-12-21T13:58:15+00:00\" \/>\n<meta property=\"article:modified_time\" content=\"2021-12-21T14:40:44+00:00\" \/>\n<meta property=\"og:image\" content=\"https:\/\/www.anahatayogaconsciente.com\/wp-content\/uploads\/2021\/12\/Post-Web-2.jpg\" \/>\n\t<meta property=\"og:image:width\" content=\"2560\" \/>\n\t<meta property=\"og:image:height\" content=\"1080\" \/>\n\t<meta property=\"og:image:type\" content=\"image\/jpeg\" \/>\n<meta name=\"author\" content=\"Eva\" \/>\n<meta name=\"twitter:card\" content=\"summary_large_image\" \/>\n<meta name=\"twitter:label1\" content=\"Escrito por\" \/>\n\t<meta name=\"twitter:data1\" content=\"Eva\" \/>\n\t<meta name=\"twitter:label2\" content=\"Tiempo de lectura\" \/>\n\t<meta name=\"twitter:data2\" content=\"2 minutos\" \/>\n<script type=\"application\/ld+json\" class=\"yoast-schema-graph\">{\"@context\":\"https:\\\/\\\/schema.org\",\"@graph\":[{\"@type\":\"Article\",\"@id\":\"https:\\\/\\\/www.anahatayogaconsciente.com\\\/index.php\\\/2021\\\/12\\\/21\\\/yoga-y-sonidos-conscientes-especial-cierre-del-ano\\\/#article\",\"isPartOf\":{\"@id\":\"https:\\\/\\\/www.anahatayogaconsciente.com\\\/index.php\\\/2021\\\/12\\\/21\\\/yoga-y-sonidos-conscientes-especial-cierre-del-ano\\\/\"},\"author\":{\"name\":\"Eva\",\"@id\":\"https:\\\/\\\/www.anahatayogaconsciente.com\\\/#\\\/schema\\\/person\\\/92e5471e17ccc9e4ae91aab149f69da5\"},\"headline\":\"Yoga y Sonidos Conscientes especial cierre del a\u00f1o\",\"datePublished\":\"2021-12-21T13:58:15+00:00\",\"dateModified\":\"2021-12-21T14:40:44+00:00\",\"mainEntityOfPage\":{\"@id\":\"https:\\\/\\\/www.anahatayogaconsciente.com\\\/index.php\\\/2021\\\/12\\\/21\\\/yoga-y-sonidos-conscientes-especial-cierre-del-ano\\\/\"},\"wordCount\":373,\"commentCount\":0,\"publisher\":{\"@id\":\"https:\\\/\\\/www.anahatayogaconsciente.com\\\/#organization\"},\"image\":{\"@id\":\"https:\\\/\\\/www.anahatayogaconsciente.com\\\/index.php\\\/2021\\\/12\\\/21\\\/yoga-y-sonidos-conscientes-especial-cierre-del-ano\\\/#primaryimage\"},\"thumbnailUrl\":\"https:\\\/\\\/www.anahatayogaconsciente.com\\\/wp-content\\\/uploads\\\/2021\\\/12\\\/Post-Web-2.jpg\",\"keywords\":[\"corte energ\u00e9tico\",\"mantras\",\"sonidos conscientes\",\"yoga\"],\"articleSection\":[\"Eventos\"],\"inLanguage\":\"es\",\"potentialAction\":[{\"@type\":\"CommentAction\",\"name\":\"Comment\",\"target\":[\"https:\\\/\\\/www.anahatayogaconsciente.com\\\/index.php\\\/2021\\\/12\\\/21\\\/yoga-y-sonidos-conscientes-especial-cierre-del-ano\\\/#respond\"]}]},{\"@type\":\"WebPage\",\"@id\":\"https:\\\/\\\/www.anahatayogaconsciente.com\\\/index.php\\\/2021\\\/12\\\/21\\\/yoga-y-sonidos-conscientes-especial-cierre-del-ano\\\/\",\"url\":\"https:\\\/\\\/www.anahatayogaconsciente.com\\\/index.php\\\/2021\\\/12\\\/21\\\/yoga-y-sonidos-conscientes-especial-cierre-del-ano\\\/\",\"name\":\"Yoga y Sonidos Conscientes especial cierre del a\u00f1o - Anahata Yoga Consciente\",\"isPartOf\":{\"@id\":\"https:\\\/\\\/www.anahatayogaconsciente.com\\\/#website\"},\"primaryImageOfPage\":{\"@id\":\"https:\\\/\\\/www.anahatayogaconsciente.com\\\/index.php\\\/2021\\\/12\\\/21\\\/yoga-y-sonidos-conscientes-especial-cierre-del-ano\\\/#primaryimage\"},\"image\":{\"@id\":\"https:\\\/\\\/www.anahatayogaconsciente.com\\\/index.php\\\/2021\\\/12\\\/21\\\/yoga-y-sonidos-conscientes-especial-cierre-del-ano\\\/#primaryimage\"},\"thumbnailUrl\":\"https:\\\/\\\/www.anahatayogaconsciente.com\\\/wp-content\\\/uploads\\\/2021\\\/12\\\/Post-Web-2.jpg\",\"datePublished\":\"2021-12-21T13:58:15+00:00\",\"dateModified\":\"2021-12-21T14:40:44+00:00\",\"breadcrumb\":{\"@id\":\"https:\\\/\\\/www.anahatayogaconsciente.com\\\/index.php\\\/2021\\\/12\\\/21\\\/yoga-y-sonidos-conscientes-especial-cierre-del-ano\\\/#breadcrumb\"},\"inLanguage\":\"es\",\"potentialAction\":[{\"@type\":\"ReadAction\",\"target\":[\"https:\\\/\\\/www.anahatayogaconsciente.com\\\/index.php\\\/2021\\\/12\\\/21\\\/yoga-y-sonidos-conscientes-especial-cierre-del-ano\\\/\"]}]},{\"@type\":\"ImageObject\",\"inLanguage\":\"es\",\"@id\":\"https:\\\/\\\/www.anahatayogaconsciente.com\\\/index.php\\\/2021\\\/12\\\/21\\\/yoga-y-sonidos-conscientes-especial-cierre-del-ano\\\/#primaryimage\",\"url\":\"https:\\\/\\\/www.anahatayogaconsciente.com\\\/wp-content\\\/uploads\\\/2021\\\/12\\\/Post-Web-2.jpg\",\"contentUrl\":\"https:\\\/\\\/www.anahatayogaconsciente.com\\\/wp-content\\\/uploads\\\/2021\\\/12\\\/Post-Web-2.jpg\",\"width\":2560,\"height\":1080},{\"@type\":\"BreadcrumbList\",\"@id\":\"https:\\\/\\\/www.anahatayogaconsciente.com\\\/index.php\\\/2021\\\/12\\\/21\\\/yoga-y-sonidos-conscientes-especial-cierre-del-ano\\\/#breadcrumb\",\"itemListElement\":[{\"@type\":\"ListItem\",\"position\":1,\"name\":\"Portada\",\"item\":\"https:\\\/\\\/www.anahatayogaconsciente.com\\\/\"},{\"@type\":\"ListItem\",\"position\":2,\"name\":\"Yoga y Sonidos Conscientes especial cierre del a\u00f1o\"}]},{\"@type\":\"WebSite\",\"@id\":\"https:\\\/\\\/www.anahatayogaconsciente.com\\\/#website\",\"url\":\"https:\\\/\\\/www.anahatayogaconsciente.com\\\/\",\"name\":\"Anahata Yoga Consciente\",\"description\":\"\",\"publisher\":{\"@id\":\"https:\\\/\\\/www.anahatayogaconsciente.com\\\/#organization\"},\"potentialAction\":[{\"@type\":\"SearchAction\",\"target\":{\"@type\":\"EntryPoint\",\"urlTemplate\":\"https:\\\/\\\/www.anahatayogaconsciente.com\\\/?s={search_term_string}\"},\"query-input\":{\"@type\":\"PropertyValueSpecification\",\"valueRequired\":true,\"valueName\":\"search_term_string\"}}],\"inLanguage\":\"es\"},{\"@type\":\"Organization\",\"@id\":\"https:\\\/\\\/www.anahatayogaconsciente.com\\\/#organization\",\"name\":\"ANAHATA YOGA CONSCIENTE\",\"url\":\"https:\\\/\\\/www.anahatayogaconsciente.com\\\/\",\"logo\":{\"@type\":\"ImageObject\",\"inLanguage\":\"es\",\"@id\":\"https:\\\/\\\/www.anahatayogaconsciente.com\\\/#\\\/schema\\\/logo\\\/image\\\/\",\"url\":\"https:\\\/\\\/www.anahatayogaconsciente.com\\\/wp-content\\\/uploads\\\/2021\\\/06\\\/logo.png\",\"contentUrl\":\"https:\\\/\\\/www.anahatayogaconsciente.com\\\/wp-content\\\/uploads\\\/2021\\\/06\\\/logo.png\",\"width\":324,\"height\":82,\"caption\":\"ANAHATA YOGA CONSCIENTE\"},\"image\":{\"@id\":\"https:\\\/\\\/www.anahatayogaconsciente.com\\\/#\\\/schema\\\/logo\\\/image\\\/\"},\"sameAs\":[\"https:\\\/\\\/www.facebook.com\\\/anahatayogaconsciente\\\/\",\"https:\\\/\\\/www.instagram.com\\\/anahatayogaconsciente\\\/\",\"https:\\\/\\\/www.youtube.com\\\/channel\\\/UCDIixL5kMV9JUf7XkLkzLJQ\"]},{\"@type\":\"Person\",\"@id\":\"https:\\\/\\\/www.anahatayogaconsciente.com\\\/#\\\/schema\\\/person\\\/92e5471e17ccc9e4ae91aab149f69da5\",\"name\":\"Eva\",\"image\":{\"@type\":\"ImageObject\",\"inLanguage\":\"es\",\"@id\":\"https:\\\/\\\/secure.gravatar.com\\\/avatar\\\/0175e12b911b220cfba970c1a7959e3675d5c96c793339ddab16f8a19f4a7c02?s=96&d=mm&r=g\",\"url\":\"https:\\\/\\\/secure.gravatar.com\\\/avatar\\\/0175e12b911b220cfba970c1a7959e3675d5c96c793339ddab16f8a19f4a7c02?s=96&d=mm&r=g\",\"contentUrl\":\"https:\\\/\\\/secure.gravatar.com\\\/avatar\\\/0175e12b911b220cfba970c1a7959e3675d5c96c793339ddab16f8a19f4a7c02?s=96&d=mm&r=g\",\"caption\":\"Eva\"}}]}<\/script>\n<!-- \/ Yoast SEO plugin. -->","yoast_head_json":{"title":"Yoga y Sonidos Conscientes especial cierre del a\u00f1o - Anahata Yoga Consciente","robots":{"index":"index","follow":"follow","max-snippet":"max-snippet:-1","max-image-preview":"max-image-preview:large","max-video-preview":"max-video-preview:-1"},"canonical":"https:\/\/www.anahatayogaconsciente.com\/index.php\/2021\/12\/21\/yoga-y-sonidos-conscientes-especial-cierre-del-ano\/","og_locale":"es_ES","og_type":"article","og_title":"Yoga y Sonidos Conscientes especial cierre del a\u00f1o - Anahata Yoga Consciente","og_url":"https:\/\/www.anahatayogaconsciente.com\/index.php\/2021\/12\/21\/yoga-y-sonidos-conscientes-especial-cierre-del-ano\/","og_site_name":"Anahata Yoga Consciente","article_publisher":"https:\/\/www.facebook.com\/anahatayogaconsciente\/","article_published_time":"2021-12-21T13:58:15+00:00","article_modified_time":"2021-12-21T14:40:44+00:00","og_image":[{"width":2560,"height":1080,"url":"https:\/\/www.anahatayogaconsciente.com\/wp-content\/uploads\/2021\/12\/Post-Web-2.jpg","type":"image\/jpeg"}],"author":"Eva","twitter_card":"summary_large_image","twitter_misc":{"Escrito por":"Eva","Tiempo de lectura":"2 minutos"},"schema":{"@context":"https:\/\/schema.org","@graph":[{"@type":"Article","@id":"https:\/\/www.anahatayogaconsciente.com\/index.php\/2021\/12\/21\/yoga-y-sonidos-conscientes-especial-cierre-del-ano\/#article","isPartOf":{"@id":"https:\/\/www.anahatayogaconsciente.com\/index.php\/2021\/12\/21\/yoga-y-sonidos-conscientes-especial-cierre-del-ano\/"},"author":{"name":"Eva","@id":"https:\/\/www.anahatayogaconsciente.com\/#\/schema\/person\/92e5471e17ccc9e4ae91aab149f69da5"},"headline":"Yoga y Sonidos Conscientes especial cierre del a\u00f1o","datePublished":"2021-12-21T13:58:15+00:00","dateModified":"2021-12-21T14:40:44+00:00","mainEntityOfPage":{"@id":"https:\/\/www.anahatayogaconsciente.com\/index.php\/2021\/12\/21\/yoga-y-sonidos-conscientes-especial-cierre-del-ano\/"},"wordCount":373,"commentCount":0,"publisher":{"@id":"https:\/\/www.anahatayogaconsciente.com\/#organization"},"image":{"@id":"https:\/\/www.anahatayogaconsciente.com\/index.php\/2021\/12\/21\/yoga-y-sonidos-conscientes-especial-cierre-del-ano\/#primaryimage"},"thumbnailUrl":"https:\/\/www.anahatayogaconsciente.com\/wp-content\/uploads\/2021\/12\/Post-Web-2.jpg","keywords":["corte energ\u00e9tico","mantras","sonidos conscientes","yoga"],"articleSection":["Eventos"],"inLanguage":"es","potentialAction":[{"@type":"CommentAction","name":"Comment","target":["https:\/\/www.anahatayogaconsciente.com\/index.php\/2021\/12\/21\/yoga-y-sonidos-conscientes-especial-cierre-del-ano\/#respond"]}]},{"@type":"WebPage","@id":"https:\/\/www.anahatayogaconsciente.com\/index.php\/2021\/12\/21\/yoga-y-sonidos-conscientes-especial-cierre-del-ano\/","url":"https:\/\/www.anahatayogaconsciente.com\/index.php\/2021\/12\/21\/yoga-y-sonidos-conscientes-especial-cierre-del-ano\/","name":"Yoga y Sonidos Conscientes especial cierre del a\u00f1o - Anahata Yoga Consciente","isPartOf":{"@id":"https:\/\/www.anahatayogaconsciente.com\/#website"},"primaryImageOfPage":{"@id":"https:\/\/www.anahatayogaconsciente.com\/index.php\/2021\/12\/21\/yoga-y-sonidos-conscientes-especial-cierre-del-ano\/#primaryimage"},"image":{"@id":"https:\/\/www.anahatayogaconsciente.com\/index.php\/2021\/12\/21\/yoga-y-sonidos-conscientes-especial-cierre-del-ano\/#primaryimage"},"thumbnailUrl":"https:\/\/www.anahatayogaconsciente.com\/wp-content\/uploads\/2021\/12\/Post-Web-2.jpg","datePublished":"2021-12-21T13:58:15+00:00","dateModified":"2021-12-21T14:40:44+00:00","breadcrumb":{"@id":"https:\/\/www.anahatayogaconsciente.com\/index.php\/2021\/12\/21\/yoga-y-sonidos-conscientes-especial-cierre-del-ano\/#breadcrumb"},"inLanguage":"es","potentialAction":[{"@type":"ReadAction","target":["https:\/\/www.anahatayogaconsciente.com\/index.php\/2021\/12\/21\/yoga-y-sonidos-conscientes-especial-cierre-del-ano\/"]}]},{"@type":"ImageObject","inLanguage":"es","@id":"https:\/\/www.anahatayogaconsciente.com\/index.php\/2021\/12\/21\/yoga-y-sonidos-conscientes-especial-cierre-del-ano\/#primaryimage","url":"https:\/\/www.anahatayogaconsciente.com\/wp-content\/uploads\/2021\/12\/Post-Web-2.jpg","contentUrl":"https:\/\/www.anahatayogaconsciente.com\/wp-content\/uploads\/2021\/12\/Post-Web-2.jpg","width":2560,"height":1080},{"@type":"BreadcrumbList","@id":"https:\/\/www.anahatayogaconsciente.com\/index.php\/2021\/12\/21\/yoga-y-sonidos-conscientes-especial-cierre-del-ano\/#breadcrumb","itemListElement":[{"@type":"ListItem","position":1,"name":"Portada","item":"https:\/\/www.anahatayogaconsciente.com\/"},{"@type":"ListItem","position":2,"name":"Yoga y Sonidos Conscientes especial cierre del a\u00f1o"}]},{"@type":"WebSite","@id":"https:\/\/www.anahatayogaconsciente.com\/#website","url":"https:\/\/www.anahatayogaconsciente.com\/","name":"Anahata Yoga Consciente","description":"","publisher":{"@id":"https:\/\/www.anahatayogaconsciente.com\/#organization"},"potentialAction":[{"@type":"SearchAction","target":{"@type":"EntryPoint","urlTemplate":"https:\/\/www.anahatayogaconsciente.com\/?s={search_term_string}"},"query-input":{"@type":"PropertyValueSpecification","valueRequired":true,"valueName":"search_term_string"}}],"inLanguage":"es"},{"@type":"Organization","@id":"https:\/\/www.anahatayogaconsciente.com\/#organization","name":"ANAHATA YOGA CONSCIENTE","url":"https:\/\/www.anahatayogaconsciente.com\/","logo":{"@type":"ImageObject","inLanguage":"es","@id":"https:\/\/www.anahatayogaconsciente.com\/#\/schema\/logo\/image\/","url":"https:\/\/www.anahatayogaconsciente.com\/wp-content\/uploads\/2021\/06\/logo.png","contentUrl":"https:\/\/www.anahatayogaconsciente.com\/wp-content\/uploads\/2021\/06\/logo.png","width":324,"height":82,"caption":"ANAHATA YOGA CONSCIENTE"},"image":{"@id":"https:\/\/www.anahatayogaconsciente.com\/#\/schema\/logo\/image\/"},"sameAs":["https:\/\/www.facebook.com\/anahatayogaconsciente\/","https:\/\/www.instagram.com\/anahatayogaconsciente\/","https:\/\/www.youtube.com\/channel\/UCDIixL5kMV9JUf7XkLkzLJQ"]},{"@type":"Person","@id":"https:\/\/www.anahatayogaconsciente.com\/#\/schema\/person\/92e5471e17ccc9e4ae91aab149f69da5","name":"Eva","image":{"@type":"ImageObject","inLanguage":"es","@id":"https:\/\/secure.gravatar.com\/avatar\/0175e12b911b220cfba970c1a7959e3675d5c96c793339ddab16f8a19f4a7c02?s=96&d=mm&r=g","url":"https:\/\/secure.gravatar.com\/avatar\/0175e12b911b220cfba970c1a7959e3675d5c96c793339ddab16f8a19f4a7c02?s=96&d=mm&r=g","contentUrl":"https:\/\/secure.gravatar.com\/avatar\/0175e12b911b220cfba970c1a7959e3675d5c96c793339ddab16f8a19f4a7c02?s=96&d=mm&r=g","caption":"Eva"}}]}},"_links":{"self":[{"href":"https:\/\/www.anahatayogaconsciente.com\/index.php\/wp-json\/wp\/v2\/posts\/5891","targetHints":{"allow":["GET"]}}],"collection":[{"href":"https:\/\/www.anahatayogaconsciente.com\/index.php\/wp-json\/wp\/v2\/posts"}],"about":[{"href":"https:\/\/www.anahatayogaconsciente.com\/index.php\/wp-json\/wp\/v2\/types\/post"}],"author":[{"embeddable":true,"href":"https:\/\/www.anahatayogaconsciente.com\/index.php\/wp-json\/wp\/v2\/users\/5"}],"replies":[{"embeddable":true,"href":"https:\/\/www.anahatayogaconsciente.com\/index.php\/wp-json\/wp\/v2\/comments?post=5891"}],"version-history":[{"count":9,"href":"https:\/\/www.anahatayogaconsciente.com\/index.php\/wp-json\/wp\/v2\/posts\/5891\/revisions"}],"predecessor-version":[{"id":5901,"href":"https:\/\/www.anahatayogaconsciente.com\/index.php\/wp-json\/wp\/v2\/posts\/5891\/revisions\/5901"}],"wp:featuredmedia":[{"embeddable":true,"href":"https:\/\/www.anahatayogaconsciente.com\/index.php\/wp-json\/wp\/v2\/media\/5892"}],"wp:attachment":[{"href":"https:\/\/www.anahatayogaconsciente.com\/index.php\/wp-json\/wp\/v2\/media?parent=5891"}],"wp:term":[{"taxonomy":"category","embeddable":true,"href":"https:\/\/www.anahatayogaconsciente.com\/index.php\/wp-json\/wp\/v2\/categories?post=5891"},{"taxonomy":"post_tag","embeddable":true,"href":"https:\/\/www.anahatayogaconsciente.com\/index.php\/wp-json\/wp\/v2\/tags?post=5891"}],"curies":[{"name":"wp","href":"https:\/\/api.w.org\/{rel}","templated":true}]}}