{"id":6062,"date":"2022-06-15T20:59:07","date_gmt":"2022-06-15T20:59:07","guid":{"rendered":"https:\/\/www.anahatayogaconsciente.com\/?p=6062"},"modified":"2022-08-16T21:03:32","modified_gmt":"2022-08-16T21:03:32","slug":"retiro-de-yoga-meditacion-y-playas-infinitas","status":"publish","type":"post","link":"https:\/\/www.anahatayogaconsciente.com\/index.php\/2022\/06\/15\/retiro-de-yoga-meditacion-y-playas-infinitas\/","title":{"rendered":"Retiro de yoga, meditaci\u00f3n y playas infinitas"},"content":{"rendered":"<div class=\"fusion-fullwidth fullwidth-box fusion-builder-row-1 fusion-flex-container nonhundred-percent-fullwidth non-hundred-percent-height-scrolling\" style=\"--awb-border-radius-top-left:0px;--awb-border-radius-top-right:0px;--awb-border-radius-bottom-right:0px;--awb-border-radius-bottom-left:0px;--awb-flex-wrap:wrap;\" ><div class=\"fusion-builder-row fusion-row fusion-flex-align-items-flex-start fusion-flex-content-wrap\" style=\"max-width:1040px;margin-left: calc(-4% \/ 2 );margin-right: calc(-4% \/ 2 );\"><div class=\"fusion-layout-column fusion_builder_column fusion-builder-column-0 fusion_builder_column_1_1 1_1 fusion-flex-column\" style=\"--awb-bg-size:cover;--awb-width-large:100%;--awb-margin-top-large:0px;--awb-spacing-right-large:1.92%;--awb-margin-bottom-large:0px;--awb-spacing-left-large:1.92%;--awb-width-medium:100%;--awb-spacing-right-medium:1.92%;--awb-spacing-left-medium:1.92%;--awb-width-small:100%;--awb-spacing-right-small:1.92%;--awb-spacing-left-small:1.92%;\"><div class=\"fusion-column-wrapper fusion-flex-justify-content-flex-start fusion-content-layout-column\"><div class=\"fusion-text fusion-text-1\" style=\"--awb-text-transform:none;\"><div class=\"\">\n<table id=\"bodyTable\" border=\"0\" width=\"100%\" cellspacing=\"0\" cellpadding=\"0\" align=\"center\">\n<tbody class=\"\">\n<tr class=\"\">\n<td id=\"bodyCell\" class=\"\" align=\"center\" valign=\"top\">\n<table class=\"templateContainer\" border=\"0\" width=\"100%\" cellspacing=\"0\" cellpadding=\"0\">\n<tbody class=\"\">\n<tr class=\"\">\n<td id=\"templateHeader\" class=\"\" valign=\"top\">\n<table class=\"mcnTextBlock\" border=\"0\" width=\"100%\" cellspacing=\"0\" cellpadding=\"0\">\n<tbody class=\"mcnTextBlockOuter\">\n<tr class=\"\">\n<td class=\"mcnTextBlockInner\" valign=\"top\"><span style=\"font-family: Helvetica;\">Este verano volvemos a compartir retiro junto a Paloma Dorado y nos perdemos en la belleza de Odeceixe, en la Costa Vicentina de nuestro pa\u00eds vecino, Portugal, para disfrutar de unos d\u00edas diferentes de vacaciones donde descansar, respirar y llenarnos de energ\u00eda a trav\u00e9s del yoga, la meditaci\u00f3n, la naturaleza y de un paisaje espectacular.<\/span><\/p>\n<p><span style=\"font-family: Helvetica;\">Un espacio donde\u00a0<strong>tomarte un\u00a0tiempo<\/strong> de presencia y tranquilidad.<\/span><\/p>\n<p><span style=\"font-family: Helvetica;\">Toda la informaci\u00f3n y reservas en <a href=\"https:\/\/www.shamaretreats.com\/es\/retiro-yoga-meditacion-y-playa-agosto-2022-portugal\/\">Shama Retreats.<\/a><\/span><\/p>\n<p><span style=\"font-family: Helvetica;\">Para nosotras ser\u00e1 un placer compartir contigo d\u00edas de bienestar para seguir inundando cada c\u00e9lula de nuestro cuerpo con armon\u00eda y paz.<\/span><\/p>\n<p><span style=\"font-family: Helvetica;\">Un abrazo\u00a0inmenso con mucho\u00a0Amor,<\/span><\/p>\n<p><span style=\"font-family: Helvetica;\">Eva Garrido Jaraba<\/span><\/p>\n<p><span style=\"font-family: Helvetica; font-size: 10pt;\"><em>Ojja,<\/em> el sonido de la Paz<\/span><\/td>\n<\/tr>\n<\/tbody>\n<\/table>\n<\/td>\n<\/tr>\n<\/tbody>\n<\/table>\n<\/td>\n<\/tr>\n<\/tbody>\n<\/table>\n<\/div>\n<\/div><\/div><\/div><\/div><\/div>\n","protected":false},"excerpt":{"rendered":"","protected":false},"author":5,"featured_media":6065,"comment_status":"open","ping_status":"open","sticky":false,"template":"","format":"standard","meta":{"footnotes":""},"categories":[33],"tags":[],"class_list":["post-6062","post","type-post","status-publish","format-standard","has-post-thumbnail","hentry","category-eventos"],"yoast_head":"<!-- This site is optimized with the Yoast SEO plugin v27.5 - https:\/\/yoast.com\/product\/yoast-seo-wordpress\/ -->\n<title>Retiro de yoga, meditaci\u00f3n y playas infinitas - Anahata Yoga Consciente<\/title>\n<meta name=\"robots\" content=\"index, follow, max-snippet:-1, max-image-preview:large, max-video-preview:-1\" \/>\n<link rel=\"canonical\" href=\"https:\/\/www.anahatayogaconsciente.com\/index.php\/2022\/06\/15\/retiro-de-yoga-meditacion-y-playas-infinitas\/\" \/>\n<meta property=\"og:locale\" content=\"es_ES\" \/>\n<meta property=\"og:type\" content=\"article\" \/>\n<meta property=\"og:title\" content=\"Retiro de yoga, meditaci\u00f3n y playas infinitas - Anahata Yoga Consciente\" \/>\n<meta property=\"og:url\" content=\"https:\/\/www.anahatayogaconsciente.com\/index.php\/2022\/06\/15\/retiro-de-yoga-meditacion-y-playas-infinitas\/\" \/>\n<meta property=\"og:site_name\" content=\"Anahata Yoga Consciente\" \/>\n<meta property=\"article:publisher\" content=\"https:\/\/www.facebook.com\/anahatayogaconsciente\/\" \/>\n<meta property=\"article:published_time\" content=\"2022-06-15T20:59:07+00:00\" \/>\n<meta property=\"article:modified_time\" content=\"2022-08-16T21:03:32+00:00\" \/>\n<meta property=\"og:image\" content=\"https:\/\/www.anahatayogaconsciente.com\/wp-content\/uploads\/2022\/08\/Odeceixe-web-1-1024x432.png\" \/>\n\t<meta property=\"og:image:width\" content=\"1024\" \/>\n\t<meta property=\"og:image:height\" content=\"432\" \/>\n\t<meta property=\"og:image:type\" content=\"image\/png\" \/>\n<meta name=\"author\" content=\"Eva\" \/>\n<meta name=\"twitter:card\" content=\"summary_large_image\" \/>\n<meta name=\"twitter:label1\" content=\"Escrito por\" \/>\n\t<meta name=\"twitter:data1\" content=\"Eva\" \/>\n\t<meta name=\"twitter:label2\" content=\"Tiempo de lectura\" \/>\n\t<meta name=\"twitter:data2\" content=\"2 minutos\" \/>\n<script type=\"application\/ld+json\" class=\"yoast-schema-graph\">{\"@context\":\"https:\\\/\\\/schema.org\",\"@graph\":[{\"@type\":\"Article\",\"@id\":\"https:\\\/\\\/www.anahatayogaconsciente.com\\\/index.php\\\/2022\\\/06\\\/15\\\/retiro-de-yoga-meditacion-y-playas-infinitas\\\/#article\",\"isPartOf\":{\"@id\":\"https:\\\/\\\/www.anahatayogaconsciente.com\\\/index.php\\\/2022\\\/06\\\/15\\\/retiro-de-yoga-meditacion-y-playas-infinitas\\\/\"},\"author\":{\"name\":\"Eva\",\"@id\":\"https:\\\/\\\/www.anahatayogaconsciente.com\\\/#\\\/schema\\\/person\\\/92e5471e17ccc9e4ae91aab149f69da5\"},\"headline\":\"Retiro de yoga, meditaci\u00f3n y playas infinitas\",\"datePublished\":\"2022-06-15T20:59:07+00:00\",\"dateModified\":\"2022-08-16T21:03:32+00:00\",\"mainEntityOfPage\":{\"@id\":\"https:\\\/\\\/www.anahatayogaconsciente.com\\\/index.php\\\/2022\\\/06\\\/15\\\/retiro-de-yoga-meditacion-y-playas-infinitas\\\/\"},\"wordCount\":372,\"commentCount\":0,\"publisher\":{\"@id\":\"https:\\\/\\\/www.anahatayogaconsciente.com\\\/#organization\"},\"image\":{\"@id\":\"https:\\\/\\\/www.anahatayogaconsciente.com\\\/index.php\\\/2022\\\/06\\\/15\\\/retiro-de-yoga-meditacion-y-playas-infinitas\\\/#primaryimage\"},\"thumbnailUrl\":\"https:\\\/\\\/www.anahatayogaconsciente.com\\\/wp-content\\\/uploads\\\/2022\\\/08\\\/Odeceixe-web-1.png\",\"articleSection\":[\"Eventos\"],\"inLanguage\":\"es\",\"potentialAction\":[{\"@type\":\"CommentAction\",\"name\":\"Comment\",\"target\":[\"https:\\\/\\\/www.anahatayogaconsciente.com\\\/index.php\\\/2022\\\/06\\\/15\\\/retiro-de-yoga-meditacion-y-playas-infinitas\\\/#respond\"]}]},{\"@type\":\"WebPage\",\"@id\":\"https:\\\/\\\/www.anahatayogaconsciente.com\\\/index.php\\\/2022\\\/06\\\/15\\\/retiro-de-yoga-meditacion-y-playas-infinitas\\\/\",\"url\":\"https:\\\/\\\/www.anahatayogaconsciente.com\\\/index.php\\\/2022\\\/06\\\/15\\\/retiro-de-yoga-meditacion-y-playas-infinitas\\\/\",\"name\":\"Retiro de yoga, meditaci\u00f3n y playas infinitas - Anahata Yoga Consciente\",\"isPartOf\":{\"@id\":\"https:\\\/\\\/www.anahatayogaconsciente.com\\\/#website\"},\"primaryImageOfPage\":{\"@id\":\"https:\\\/\\\/www.anahatayogaconsciente.com\\\/index.php\\\/2022\\\/06\\\/15\\\/retiro-de-yoga-meditacion-y-playas-infinitas\\\/#primaryimage\"},\"image\":{\"@id\":\"https:\\\/\\\/www.anahatayogaconsciente.com\\\/index.php\\\/2022\\\/06\\\/15\\\/retiro-de-yoga-meditacion-y-playas-infinitas\\\/#primaryimage\"},\"thumbnailUrl\":\"https:\\\/\\\/www.anahatayogaconsciente.com\\\/wp-content\\\/uploads\\\/2022\\\/08\\\/Odeceixe-web-1.png\",\"datePublished\":\"2022-06-15T20:59:07+00:00\",\"dateModified\":\"2022-08-16T21:03:32+00:00\",\"breadcrumb\":{\"@id\":\"https:\\\/\\\/www.anahatayogaconsciente.com\\\/index.php\\\/2022\\\/06\\\/15\\\/retiro-de-yoga-meditacion-y-playas-infinitas\\\/#breadcrumb\"},\"inLanguage\":\"es\",\"potentialAction\":[{\"@type\":\"ReadAction\",\"target\":[\"https:\\\/\\\/www.anahatayogaconsciente.com\\\/index.php\\\/2022\\\/06\\\/15\\\/retiro-de-yoga-meditacion-y-playas-infinitas\\\/\"]}]},{\"@type\":\"ImageObject\",\"inLanguage\":\"es\",\"@id\":\"https:\\\/\\\/www.anahatayogaconsciente.com\\\/index.php\\\/2022\\\/06\\\/15\\\/retiro-de-yoga-meditacion-y-playas-infinitas\\\/#primaryimage\",\"url\":\"https:\\\/\\\/www.anahatayogaconsciente.com\\\/wp-content\\\/uploads\\\/2022\\\/08\\\/Odeceixe-web-1.png\",\"contentUrl\":\"https:\\\/\\\/www.anahatayogaconsciente.com\\\/wp-content\\\/uploads\\\/2022\\\/08\\\/Odeceixe-web-1.png\",\"width\":2560,\"height\":1080},{\"@type\":\"BreadcrumbList\",\"@id\":\"https:\\\/\\\/www.anahatayogaconsciente.com\\\/index.php\\\/2022\\\/06\\\/15\\\/retiro-de-yoga-meditacion-y-playas-infinitas\\\/#breadcrumb\",\"itemListElement\":[{\"@type\":\"ListItem\",\"position\":1,\"name\":\"Portada\",\"item\":\"https:\\\/\\\/www.anahatayogaconsciente.com\\\/\"},{\"@type\":\"ListItem\",\"position\":2,\"name\":\"Retiro de yoga, meditaci\u00f3n y playas infinitas\"}]},{\"@type\":\"WebSite\",\"@id\":\"https:\\\/\\\/www.anahatayogaconsciente.com\\\/#website\",\"url\":\"https:\\\/\\\/www.anahatayogaconsciente.com\\\/\",\"name\":\"Anahata Yoga Consciente\",\"description\":\"\",\"publisher\":{\"@id\":\"https:\\\/\\\/www.anahatayogaconsciente.com\\\/#organization\"},\"potentialAction\":[{\"@type\":\"SearchAction\",\"target\":{\"@type\":\"EntryPoint\",\"urlTemplate\":\"https:\\\/\\\/www.anahatayogaconsciente.com\\\/?s={search_term_string}\"},\"query-input\":{\"@type\":\"PropertyValueSpecification\",\"valueRequired\":true,\"valueName\":\"search_term_string\"}}],\"inLanguage\":\"es\"},{\"@type\":\"Organization\",\"@id\":\"https:\\\/\\\/www.anahatayogaconsciente.com\\\/#organization\",\"name\":\"ANAHATA YOGA CONSCIENTE\",\"url\":\"https:\\\/\\\/www.anahatayogaconsciente.com\\\/\",\"logo\":{\"@type\":\"ImageObject\",\"inLanguage\":\"es\",\"@id\":\"https:\\\/\\\/www.anahatayogaconsciente.com\\\/#\\\/schema\\\/logo\\\/image\\\/\",\"url\":\"https:\\\/\\\/www.anahatayogaconsciente.com\\\/wp-content\\\/uploads\\\/2021\\\/06\\\/logo.png\",\"contentUrl\":\"https:\\\/\\\/www.anahatayogaconsciente.com\\\/wp-content\\\/uploads\\\/2021\\\/06\\\/logo.png\",\"width\":324,\"height\":82,\"caption\":\"ANAHATA YOGA CONSCIENTE\"},\"image\":{\"@id\":\"https:\\\/\\\/www.anahatayogaconsciente.com\\\/#\\\/schema\\\/logo\\\/image\\\/\"},\"sameAs\":[\"https:\\\/\\\/www.facebook.com\\\/anahatayogaconsciente\\\/\",\"https:\\\/\\\/www.instagram.com\\\/anahatayogaconsciente\\\/\",\"https:\\\/\\\/www.youtube.com\\\/channel\\\/UCDIixL5kMV9JUf7XkLkzLJQ\"]},{\"@type\":\"Person\",\"@id\":\"https:\\\/\\\/www.anahatayogaconsciente.com\\\/#\\\/schema\\\/person\\\/92e5471e17ccc9e4ae91aab149f69da5\",\"name\":\"Eva\",\"image\":{\"@type\":\"ImageObject\",\"inLanguage\":\"es\",\"@id\":\"https:\\\/\\\/secure.gravatar.com\\\/avatar\\\/0175e12b911b220cfba970c1a7959e3675d5c96c793339ddab16f8a19f4a7c02?s=96&d=mm&r=g\",\"url\":\"https:\\\/\\\/secure.gravatar.com\\\/avatar\\\/0175e12b911b220cfba970c1a7959e3675d5c96c793339ddab16f8a19f4a7c02?s=96&d=mm&r=g\",\"contentUrl\":\"https:\\\/\\\/secure.gravatar.com\\\/avatar\\\/0175e12b911b220cfba970c1a7959e3675d5c96c793339ddab16f8a19f4a7c02?s=96&d=mm&r=g\",\"caption\":\"Eva\"}}]}<\/script>\n<!-- \/ Yoast SEO plugin. -->","yoast_head_json":{"title":"Retiro de yoga, meditaci\u00f3n y playas infinitas - Anahata Yoga Consciente","robots":{"index":"index","follow":"follow","max-snippet":"max-snippet:-1","max-image-preview":"max-image-preview:large","max-video-preview":"max-video-preview:-1"},"canonical":"https:\/\/www.anahatayogaconsciente.com\/index.php\/2022\/06\/15\/retiro-de-yoga-meditacion-y-playas-infinitas\/","og_locale":"es_ES","og_type":"article","og_title":"Retiro de yoga, meditaci\u00f3n y playas infinitas - Anahata Yoga Consciente","og_url":"https:\/\/www.anahatayogaconsciente.com\/index.php\/2022\/06\/15\/retiro-de-yoga-meditacion-y-playas-infinitas\/","og_site_name":"Anahata Yoga Consciente","article_publisher":"https:\/\/www.facebook.com\/anahatayogaconsciente\/","article_published_time":"2022-06-15T20:59:07+00:00","article_modified_time":"2022-08-16T21:03:32+00:00","og_image":[{"width":1024,"height":432,"url":"https:\/\/www.anahatayogaconsciente.com\/wp-content\/uploads\/2022\/08\/Odeceixe-web-1-1024x432.png","type":"image\/png"}],"author":"Eva","twitter_card":"summary_large_image","twitter_misc":{"Escrito por":"Eva","Tiempo de lectura":"2 minutos"},"schema":{"@context":"https:\/\/schema.org","@graph":[{"@type":"Article","@id":"https:\/\/www.anahatayogaconsciente.com\/index.php\/2022\/06\/15\/retiro-de-yoga-meditacion-y-playas-infinitas\/#article","isPartOf":{"@id":"https:\/\/www.anahatayogaconsciente.com\/index.php\/2022\/06\/15\/retiro-de-yoga-meditacion-y-playas-infinitas\/"},"author":{"name":"Eva","@id":"https:\/\/www.anahatayogaconsciente.com\/#\/schema\/person\/92e5471e17ccc9e4ae91aab149f69da5"},"headline":"Retiro de yoga, meditaci\u00f3n y playas infinitas","datePublished":"2022-06-15T20:59:07+00:00","dateModified":"2022-08-16T21:03:32+00:00","mainEntityOfPage":{"@id":"https:\/\/www.anahatayogaconsciente.com\/index.php\/2022\/06\/15\/retiro-de-yoga-meditacion-y-playas-infinitas\/"},"wordCount":372,"commentCount":0,"publisher":{"@id":"https:\/\/www.anahatayogaconsciente.com\/#organization"},"image":{"@id":"https:\/\/www.anahatayogaconsciente.com\/index.php\/2022\/06\/15\/retiro-de-yoga-meditacion-y-playas-infinitas\/#primaryimage"},"thumbnailUrl":"https:\/\/www.anahatayogaconsciente.com\/wp-content\/uploads\/2022\/08\/Odeceixe-web-1.png","articleSection":["Eventos"],"inLanguage":"es","potentialAction":[{"@type":"CommentAction","name":"Comment","target":["https:\/\/www.anahatayogaconsciente.com\/index.php\/2022\/06\/15\/retiro-de-yoga-meditacion-y-playas-infinitas\/#respond"]}]},{"@type":"WebPage","@id":"https:\/\/www.anahatayogaconsciente.com\/index.php\/2022\/06\/15\/retiro-de-yoga-meditacion-y-playas-infinitas\/","url":"https:\/\/www.anahatayogaconsciente.com\/index.php\/2022\/06\/15\/retiro-de-yoga-meditacion-y-playas-infinitas\/","name":"Retiro de yoga, meditaci\u00f3n y playas infinitas - Anahata Yoga Consciente","isPartOf":{"@id":"https:\/\/www.anahatayogaconsciente.com\/#website"},"primaryImageOfPage":{"@id":"https:\/\/www.anahatayogaconsciente.com\/index.php\/2022\/06\/15\/retiro-de-yoga-meditacion-y-playas-infinitas\/#primaryimage"},"image":{"@id":"https:\/\/www.anahatayogaconsciente.com\/index.php\/2022\/06\/15\/retiro-de-yoga-meditacion-y-playas-infinitas\/#primaryimage"},"thumbnailUrl":"https:\/\/www.anahatayogaconsciente.com\/wp-content\/uploads\/2022\/08\/Odeceixe-web-1.png","datePublished":"2022-06-15T20:59:07+00:00","dateModified":"2022-08-16T21:03:32+00:00","breadcrumb":{"@id":"https:\/\/www.anahatayogaconsciente.com\/index.php\/2022\/06\/15\/retiro-de-yoga-meditacion-y-playas-infinitas\/#breadcrumb"},"inLanguage":"es","potentialAction":[{"@type":"ReadAction","target":["https:\/\/www.anahatayogaconsciente.com\/index.php\/2022\/06\/15\/retiro-de-yoga-meditacion-y-playas-infinitas\/"]}]},{"@type":"ImageObject","inLanguage":"es","@id":"https:\/\/www.anahatayogaconsciente.com\/index.php\/2022\/06\/15\/retiro-de-yoga-meditacion-y-playas-infinitas\/#primaryimage","url":"https:\/\/www.anahatayogaconsciente.com\/wp-content\/uploads\/2022\/08\/Odeceixe-web-1.png","contentUrl":"https:\/\/www.anahatayogaconsciente.com\/wp-content\/uploads\/2022\/08\/Odeceixe-web-1.png","width":2560,"height":1080},{"@type":"BreadcrumbList","@id":"https:\/\/www.anahatayogaconsciente.com\/index.php\/2022\/06\/15\/retiro-de-yoga-meditacion-y-playas-infinitas\/#breadcrumb","itemListElement":[{"@type":"ListItem","position":1,"name":"Portada","item":"https:\/\/www.anahatayogaconsciente.com\/"},{"@type":"ListItem","position":2,"name":"Retiro de yoga, meditaci\u00f3n y playas infinitas"}]},{"@type":"WebSite","@id":"https:\/\/www.anahatayogaconsciente.com\/#website","url":"https:\/\/www.anahatayogaconsciente.com\/","name":"Anahata Yoga Consciente","description":"","publisher":{"@id":"https:\/\/www.anahatayogaconsciente.com\/#organization"},"potentialAction":[{"@type":"SearchAction","target":{"@type":"EntryPoint","urlTemplate":"https:\/\/www.anahatayogaconsciente.com\/?s={search_term_string}"},"query-input":{"@type":"PropertyValueSpecification","valueRequired":true,"valueName":"search_term_string"}}],"inLanguage":"es"},{"@type":"Organization","@id":"https:\/\/www.anahatayogaconsciente.com\/#organization","name":"ANAHATA YOGA CONSCIENTE","url":"https:\/\/www.anahatayogaconsciente.com\/","logo":{"@type":"ImageObject","inLanguage":"es","@id":"https:\/\/www.anahatayogaconsciente.com\/#\/schema\/logo\/image\/","url":"https:\/\/www.anahatayogaconsciente.com\/wp-content\/uploads\/2021\/06\/logo.png","contentUrl":"https:\/\/www.anahatayogaconsciente.com\/wp-content\/uploads\/2021\/06\/logo.png","width":324,"height":82,"caption":"ANAHATA YOGA CONSCIENTE"},"image":{"@id":"https:\/\/www.anahatayogaconsciente.com\/#\/schema\/logo\/image\/"},"sameAs":["https:\/\/www.facebook.com\/anahatayogaconsciente\/","https:\/\/www.instagram.com\/anahatayogaconsciente\/","https:\/\/www.youtube.com\/channel\/UCDIixL5kMV9JUf7XkLkzLJQ"]},{"@type":"Person","@id":"https:\/\/www.anahatayogaconsciente.com\/#\/schema\/person\/92e5471e17ccc9e4ae91aab149f69da5","name":"Eva","image":{"@type":"ImageObject","inLanguage":"es","@id":"https:\/\/secure.gravatar.com\/avatar\/0175e12b911b220cfba970c1a7959e3675d5c96c793339ddab16f8a19f4a7c02?s=96&d=mm&r=g","url":"https:\/\/secure.gravatar.com\/avatar\/0175e12b911b220cfba970c1a7959e3675d5c96c793339ddab16f8a19f4a7c02?s=96&d=mm&r=g","contentUrl":"https:\/\/secure.gravatar.com\/avatar\/0175e12b911b220cfba970c1a7959e3675d5c96c793339ddab16f8a19f4a7c02?s=96&d=mm&r=g","caption":"Eva"}}]}},"_links":{"self":[{"href":"https:\/\/www.anahatayogaconsciente.com\/index.php\/wp-json\/wp\/v2\/posts\/6062","targetHints":{"allow":["GET"]}}],"collection":[{"href":"https:\/\/www.anahatayogaconsciente.com\/index.php\/wp-json\/wp\/v2\/posts"}],"about":[{"href":"https:\/\/www.anahatayogaconsciente.com\/index.php\/wp-json\/wp\/v2\/types\/post"}],"author":[{"embeddable":true,"href":"https:\/\/www.anahatayogaconsciente.com\/index.php\/wp-json\/wp\/v2\/users\/5"}],"replies":[{"embeddable":true,"href":"https:\/\/www.anahatayogaconsciente.com\/index.php\/wp-json\/wp\/v2\/comments?post=6062"}],"version-history":[{"count":3,"href":"https:\/\/www.anahatayogaconsciente.com\/index.php\/wp-json\/wp\/v2\/posts\/6062\/revisions"}],"predecessor-version":[{"id":6067,"href":"https:\/\/www.anahatayogaconsciente.com\/index.php\/wp-json\/wp\/v2\/posts\/6062\/revisions\/6067"}],"wp:featuredmedia":[{"embeddable":true,"href":"https:\/\/www.anahatayogaconsciente.com\/index.php\/wp-json\/wp\/v2\/media\/6065"}],"wp:attachment":[{"href":"https:\/\/www.anahatayogaconsciente.com\/index.php\/wp-json\/wp\/v2\/media?parent=6062"}],"wp:term":[{"taxonomy":"category","embeddable":true,"href":"https:\/\/www.anahatayogaconsciente.com\/index.php\/wp-json\/wp\/v2\/categories?post=6062"},{"taxonomy":"post_tag","embeddable":true,"href":"https:\/\/www.anahatayogaconsciente.com\/index.php\/wp-json\/wp\/v2\/tags?post=6062"}],"curies":[{"name":"wp","href":"https:\/\/api.w.org\/{rel}","templated":true}]}}